[{"@context":"https:\/\/schema.org\/","@type":"Article","@id":"https:\/\/www.dolmen.cz\/s-laskou-k-prirode\/#Article","mainEntityOfPage":"https:\/\/www.dolmen.cz\/s-laskou-k-prirode\/","headline":"S l\u00e1skou k p\u0159\u00edrod\u011b","name":"S l\u00e1skou k p\u0159\u00edrod\u011b","description":"Samoz\u0159ejm\u011b, \u017ee l\u00e1skypln\u00fd p\u0159\u00edstup k \u017eivotu je n\u011b\u010d\u00edm, co je pro n\u00e1s v\u0161echny velmi d\u016fle\u017eit\u00e9, jeliko\u017e nen\u00ed podstatn\u00e9 to, abychom si zde sv\u00e9 \u017eivoty u\u017eili my sami, ale sp\u00ed\u0161e jde o to, aby zde bylo n\u011bco tak\u00e9 pro ty, kte\u0159\u00ed zde budou ve chv\u00edli, kdy my zde bohu\u017eel u\u017e nebudeme moci b\u00fdt. Zejm\u00e9na z tohoto...","datePublished":"2020-06-20","dateModified":"2023-05-01","author":{"@type":"Person","@id":"https:\/\/www.dolmen.cz\/author\/#Person","name":"","url":"https:\/\/www.dolmen.cz\/author\/","identifier":1,"image":{"@type":"ImageObject","@id":"https:\/\/secure.gravatar.com\/avatar\/bac9badfec1c8ddbfb42cc2a45bdd424bcac2f01b51b95470cbfd0bab9e793fd?s=96&d=mm&r=g","url":"https:\/\/secure.gravatar.com\/avatar\/bac9badfec1c8ddbfb42cc2a45bdd424bcac2f01b51b95470cbfd0bab9e793fd?s=96&d=mm&r=g","height":96,"width":96}},"publisher":{"@type":"Organization","name":"dolmen.cz","logo":{"@type":"ImageObject","@id":"\/logo.png","url":"\/logo.png","width":600,"height":60}},"image":{"@type":"ImageObject","@id":"https:\/\/www.dolmen.cz\/wp-content\/uploads\/kouzlo%20p%C5%99%C3%ADrody_1.jpg","url":"https:\/\/www.dolmen.cz\/wp-content\/uploads\/kouzlo%20p%C5%99%C3%ADrody_1.jpg","height":0,"width":0},"url":"https:\/\/www.dolmen.cz\/s-laskou-k-prirode\/","about":["Zbo\u017e\u00ed"],"wordCount":479,"articleBody":"   Samoz\u0159ejm\u011b, \u017ee l\u00e1skypln\u00fd p\u0159\u00edstup k \u017eivotu je n\u011b\u010d\u00edm, co je pro n\u00e1s v\u0161echny velmi d\u016fle\u017eit\u00e9, jeliko\u017e nen\u00ed podstatn\u00e9 to, abychom si zde sv\u00e9 \u017eivoty u\u017eili my sami, ale sp\u00ed\u0161e jde o to, aby zde bylo n\u011bco tak\u00e9 pro ty, kte\u0159\u00ed zde budou ve chv\u00edli, kdy my zde bohu\u017eel u\u017e nebudeme moci b\u00fdt. Zejm\u00e9na z tohoto d\u016fvodu bychom se tak tedy b\u011bhem \u017eivota m\u011bli zam\u00fd\u0161let nad t\u00edm, zda se k v\u011bcem, kter\u00e9 ke sv\u00fdm \u017eivot\u016fm pot\u0159ebujeme, chov\u00e1me tak, jak je \u017e\u00e1d\u00e1no, \u010di nikoliv. Samoz\u0159ejm\u011b, \u017ee p\u0159ipustit si pravdu je t\u011b\u017ek\u00e9, ale jen tak je mo\u017en\u00e9 ud\u011blat n\u011bco s t\u00edm, co se n\u00e1m zrovna te\u010f a tady nel\u00edb\u00ed.A jeliko\u017e je velmi nutn\u00e9, aby i ti, kte\u0159\u00ed zde budou po n\u00e1s, znali sv\u011bt, kter\u00fd zn\u00e1me my, je velmi podstatn\u00e9, abychom za\u010dali \u017e\u00edt tak, \u017ee budeme okoln\u00ed faunu a floru sp\u00ed\u0161e \u0161et\u0159it, ne\u017eli t\u00e9to sou\u010d\u00e1sti planety nad\u00e1le ubli\u017eovat. Zejm\u00e9na z tohoto d\u016fvodu je tedy vhodn\u00e9, abychom se my v\u0161ichni za\u010dali zaj\u00edmat o p\u0159\u00edrodn\u00ed a ekologick\u00e9 produkty, kter\u00e9 si jist\u011b postupem \u010dasu z\u00edskaj\u00ed velmi cenn\u00e9 m\u00edsto v r\u00e1mci v\u0161ech dom\u00e1cnost\u00ed po \u010cesk\u00e9 republice. Osobn\u011b v\u011b\u0159\u00edm tomu, \u017ee pr\u00e1v\u011b tato cesta m\u016f\u017ee b\u00fdt pro n\u00e1s v\u0161echny velmi p\u0159\u00ednosn\u00e1.Zejm\u00e9na u \u017een je vhodn\u00e9 zam\u011b\u0159it se na p\u0159\u00edrodn\u00ed, dekorativn\u00ed kosmetiku, p\u0159i\u010dem\u017e tou nejd\u016fle\u017eit\u011bj\u0161\u00ed sou\u010d\u00e1st\u00ed va\u0161\u00ed kabelky by m\u011bla b\u00fdt p\u0159\u00edrodn\u00ed \u0159asenka, d\u00edky kter\u00e9 spoj\u00edte p\u0159\u00edjemn\u00e9 s u\u017eite\u010dn\u00fdm. Nejen, \u017ee budete m\u00edt pocit, \u017ee vypad\u00e1te l\u00e9pe, ne\u017e kdy\u017e jste nenamalovan\u00e1, ale tak\u00e9 budete m\u00edt \u0161anci na to, abyste ve sv\u00e9m \u017eivot\u011b ud\u011blali zm\u011bnu, kter\u00e1 snad bude m\u00edt vliv i na va\u0161e okol\u00ed. To tedy znamen\u00e1, \u017ee jakmile ji za\u010dnete pou\u017e\u00edvat, d\u00e1te sv\u00e9mu okol\u00ed jak\u00e9si vnuknut\u00ed, zda i ono by nem\u011blo ud\u011blat v r\u00e1mci sv\u00e9ho \u017eivota n\u011bco jinak, co\u017e je naprosto fantastick\u00e9!Samoz\u0159ejm\u011b, \u017ee kolikr\u00e1t nejsou zm\u011bny v\u00edtan\u00e9, ale ani stereotyp nen\u00ed n\u011b\u010d\u00edm, na co byste m\u011bli b\u00fdt py\u0161n\u00ed, jeliko\u017e to dokazuje fakt, \u017ee vy sami nejste p\u0159ipraveni na to, abyste se m\u011bli l\u00e9pe, p\u0159i\u010dem\u017e se d\u00e1 tvrdit, \u017ee to sami vlastn\u011b ani nechcete. Ka\u017edop\u00e1dn\u011b, a\u0165 u\u017e je tomu u v\u00e1s konkr\u00e9tn\u011b jakkoliv, je alespo\u0148 vhodn\u00e9, abyste se zamysleli nad t\u00edm, zda nen\u00ed vhodn\u00e9 ud\u011blat n\u011bco nejen pro sebe, ale hlavn\u011b pro sv\u00e9 okol\u00ed.                                                                                                                                                                                                                                                                                                                                                                                         5\/5 - (2 votes)        "},{"@context":"https:\/\/schema.org\/","@type":"BreadcrumbList","itemListElement":[{"@type":"ListItem","position":1,"name":"S l\u00e1skou k p\u0159\u00edrod\u011b","item":"https:\/\/www.dolmen.cz\/s-laskou-k-prirode\/#breadcrumbitem"}]}]