[{"@context":"https:\/\/schema.org\/","@type":"Article","@id":"https:\/\/www.dolmen.cz\/co-nosi-sportovci\/#Article","mainEntityOfPage":"https:\/\/www.dolmen.cz\/co-nosi-sportovci\/","headline":"Co nos\u00ed sportovci?","name":"Co nos\u00ed sportovci?","description":"Kdy\u017e jsme byli p\u0159ed u\u017e hodn\u011b dlouhou dobou d\u011btmi a omladinou, nosili jsme obvykle p\u0159i sportov\u00e1n\u00ed nebo jin\u00fdch pohybov\u00fdch aktivit\u00e1ch tepl\u00e1ky nebo tren\u00fdrky, tri\u010dka a v p\u0159\u00edpad\u011b pot\u0159eby n\u011bco obno\u0161en\u00e9, kdy\u017e byla p\u0159\u00edli\u0161 zima. A jakou zna\u010dku takov\u00e9 na\u0161e oble\u010den\u00ed na sport m\u011blo? Nev\u00edm. N\u011bjak se na to tenkr\u00e1t nehled\u011blo, dost mo\u017en\u00e1 proto, \u017ee se...","datePublished":"2025-03-29","dateModified":"2025-03-29","author":{"@type":"Person","@id":"https:\/\/www.dolmen.cz\/author\/#Person","name":"","url":"https:\/\/www.dolmen.cz\/author\/","identifier":1,"image":{"@type":"ImageObject","@id":"https:\/\/secure.gravatar.com\/avatar\/bac9badfec1c8ddbfb42cc2a45bdd424bcac2f01b51b95470cbfd0bab9e793fd?s=96&d=mm&r=g","url":"https:\/\/secure.gravatar.com\/avatar\/bac9badfec1c8ddbfb42cc2a45bdd424bcac2f01b51b95470cbfd0bab9e793fd?s=96&d=mm&r=g","height":96,"width":96}},"publisher":{"@type":"Organization","name":"dolmen.cz","logo":{"@type":"ImageObject","@id":"\/logo.png","url":"\/logo.png","width":600,"height":60}},"image":{"@type":"ImageObject","@id":"https:\/\/www.dolmen.cz\/wp-content\/uploads\/b_10_10_10_10_10_10_2.jpg","url":"https:\/\/www.dolmen.cz\/wp-content\/uploads\/b_10_10_10_10_10_10_2.jpg","height":0,"width":0},"url":"https:\/\/www.dolmen.cz\/co-nosi-sportovci\/","about":["Zbo\u017e\u00ed"],"wordCount":421,"articleBody":"      Kdy\u017e jsme byli p\u0159ed u\u017e hodn\u011b dlouhou dobou d\u011btmi a omladinou, nosili jsme obvykle p\u0159i sportov\u00e1n\u00ed nebo jin\u00fdch pohybov\u00fdch aktivit\u00e1ch tepl\u00e1ky nebo tren\u00fdrky, tri\u010dka a v p\u0159\u00edpad\u011b pot\u0159eby n\u011bco obno\u0161en\u00e9, kdy\u017e byla p\u0159\u00edli\u0161 zima. A jakou zna\u010dku takov\u00e9 na\u0161e oble\u010den\u00ed na sport m\u011blo? Nev\u00edm. N\u011bjak se na to tenkr\u00e1t nehled\u011blo, dost mo\u017en\u00e1 proto, \u017ee se stejn\u011b nikdo z n\u00e1s nemohl pochlubit n\u011bjak\u00fdm tuzexov\u00fdm oble\u010den\u00edm, kter\u00e9 by se ob\u011btovalo sportu. Dnes u\u017e to ale d\u00e1vno neplat\u00ed. Jist\u011b, st\u00e1le je\u0161t\u011b naraz\u00edme na dost lid\u00ed, kte\u0159\u00ed p\u0159i sportu nehled\u00ed na styl oble\u010den\u00ed, ale p\u0159ece jenom u\u017e je \u017e\u00e1douc\u00ed vypadat i p\u0159i takov\u00e9m pohybu dob\u0159e. A tak kdekdo p\u0159esedlal na oble\u010den\u00ed zna\u010dkov\u00e9. P\u0159edev\u0161\u00edm z\u0159ejm\u011b \u017eeny, kter\u00e9 p\u0159ece v\u017edycky byly v\u011bt\u0161\u00ed par\u00e1dnice ne\u017e mu\u017ei.Ne v\u0161echno oble\u010den\u00ed m\u00e1 prost\u011b stejn\u011b dobr\u00fd zvuk. A tak se sice n\u011bkdo spokoj\u00ed s n\u011bjak\u00fdm t\u00edm lacin\u00fdm dovozem odkudsi z Asie, ale ti, kdo cht\u011bj\u00ed m\u00edt dobrou image, preferuj\u00ed zna\u010dkov\u00e9 d\u00e1msk\u00e9 sportovn\u00ed a m\u011bstsk\u00e9 oble\u010den\u00ed. A tak s\u00e1z\u00ed i na zna\u010dku Kari Traa, pojmenovanou po \u00fasp\u011b\u0161n\u00e9 norsk\u00e9 akrobatick\u00e9 ly\u017ea\u0159ce, na kolekci, kter\u00e1 rozum\u00ed pot\u0159eb\u00e1m \u017een b\u011bhem pohybu. Inu, motivace tu je; v\u017edy\u0165 kter\u00e1 z na\u0161ich dam by se necht\u011bla obl\u00e9kat jako ta, je\u017e byla v minulosti opakovan\u011b zvolena za pr\u00fd nejv\u00edce sexy \u017eenu Norska, \u017ee?A tak se ujala t\u0159eba kari traa parka C-store, pat\u0159\u00edc\u00ed mezi oble\u010den\u00ed, kter\u00e9 nejen dob\u0159e vypad\u00e1, ale tak\u00e9 chr\u00e1n\u00ed p\u0159ed rozmary po\u010das\u00ed a p\u0159i velk\u00e9 z\u00e1t\u011b\u017ei. Tu prost\u011b mus\u00ed nejedna z na\u0161ich \u017een m\u00edt. Co\u017e chlapi nemohou nikdy pln\u011b pochopit.\u017deny se prost\u011b v takov\u00e9m oble\u010den\u00ed c\u00edt\u00ed p\u0159\u00edjemn\u011b a sou\u010dasn\u011b vzbuzuj\u00ed obdiv i p\u0159i pouh\u00e9m pohledu na n\u011b. A to je n\u011bco docela jin\u00e9ho, ne\u017e kdy\u017e se generace dne\u0161n\u00edch pades\u00e1tn\u00edk\u016f a star\u0161\u00edch zamlada nasoukala do star\u00e9ho tri\u010dka a tepl\u00e1k\u016f a to muselo sta\u010dit. Dnes u\u017e by toti\u017e \u017e\u00e1dn\u00e1 \u017eena p\u0159i sportu v takov\u00e9m oble\u010den\u00ed nezaz\u00e1\u0159ila. A to by byla p\u0159ece \u0161koda.                                                                                                                                                                                                                                                                                                                                                                                          4.7\/5 - (4 votes)        "},{"@context":"https:\/\/schema.org\/","@type":"BreadcrumbList","itemListElement":[{"@type":"ListItem","position":1,"name":"Co nos\u00ed sportovci?","item":"https:\/\/www.dolmen.cz\/co-nosi-sportovci\/#breadcrumbitem"}]}]